{"id":820,"date":"2024-02-28T15:20:02","date_gmt":"2024-02-28T21:20:02","guid":{"rendered":"https:\/\/cempr.mx\/?post_type=comunicados-prensa&#038;p=820"},"modified":"2024-02-28T15:20:02","modified_gmt":"2024-02-28T21:20:02","slug":"asomas-inaugura-nuevas-instalaciones-para-continuar-su-mision-de-apoyar-a-personas-con-sordoceguera-en-mexico","status":"publish","type":"comunicados-prensa","link":"https:\/\/cempr.mx\/en\/comunicados-prensa\/asomas-inaugura-nuevas-instalaciones-para-continuar-su-mision-de-apoyar-a-personas-con-sordoceguera-en-mexico\/","title":{"rendered":"ASOMAS inaugura nuevas instalaciones para continuar su misi\u00f3n de apoyar a personas con sordoceguera en M\u00e9xico"},"content":{"rendered":"<ul>\n<li dir=\"ltr\">\n<p dir=\"ltr\" role=\"presentation\">Con el corte de list\u00f3n de su nueva sede, ASOMAS reafirma su compromiso de brindar atenci\u00f3n integral a personas con sordoceguera y discapacidad m\u00faltiple<\/p>\n<\/li>\n<li dir=\"ltr\">\n<p dir=\"ltr\" role=\"presentation\">En 23 a\u00f1os ha beneficiado a m\u00e1s de 400 ni\u00f1os y sus familias, contribuyendo a mejorar su calidad de vida<\/p>\n<\/li>\n<\/ul>\n<p>&nbsp;<\/p>\n<p dir=\"ltr\">CDMX, M\u00e9xico, Febrero 28 de 2024.-\u00a0 La inauguraci\u00f3n de la nueva sede de la Asociaci\u00f3n Mexicana Anne Sullivan I.A.P. (ASOMAS), instituci\u00f3n sin fines de lucro dedicada al apoyo integral de personas con sordoceguera o discapacidad m\u00faltiple, es la culminaci\u00f3n de grandes esfuerzos realizados por sus representantes para mejorar la calidad en los servicios que brinda la asociaci\u00f3n.<\/p>\n<p dir=\"ltr\">Es importante destacar que ASOMAS ha dise\u00f1ado diferentes estrategias para brindar apoyo personalizado a cada ni\u00f1o y joven inscrito, incluyendo los programas: b\u00e1sico, en casa, para padres, de capacitaci\u00f3n, integral de nutrici\u00f3n, integral de psicolog\u00eda, transici\u00f3n a la vida adulta y fisioterapia, adem\u00e1s de contar con un \u00e1rea de trabajo social. Que en su conjunto buscan adaptarse a las necesidades de desarrollo de cada estudiante, as\u00ed como de su entorno familiar, de tal manera que logren obtener una mejor calidad de vida.<\/p>\n<p dir=\"ltr\">La nueva sede est\u00e1 ubicada en Cerrada Lago San Pedro 92, en la alcald\u00eda Miguel Hidalgo, es un espacio dise\u00f1ado para brindar la mejor atenci\u00f3n a sus estudiantes, gracias a los\u00a0 6 salones dedicados a actividades especializadas y un \u00e1rea adicional destinada a terapia f\u00edsica. El inmueble est\u00e1 completamente equipado para ofrecer un ambiente \u00f3ptimo de aprendizaje y desarrollo, cada uno de los salones cuenta con materiales adaptados especialmente para atender las necesidades de los estudiantes, como calendarios de comunicaci\u00f3n, claves, identificadores, entre otros.<\/p>\n<p dir=\"ltr\">\u00abEstamos muy emocionados de contar con estas nuevas instalaciones. Esto nos permitir\u00e1 seguir comprometidos en brindar un espacio inclusivo donde cada individuo pueda desarrollar su m\u00e1ximo potencial. La apertura de este nuevo espacio\u00a0 representa un paso importante en nuestra misi\u00f3n de promover la igualdad de oportunidades para todas las personas con discapacidad m\u00faltiple\u201d, coment\u00f3 Isabel Gal\u00edndez,\u00a0Directora General en ASOMAS IAP.<\/p>\n<p dir=\"ltr\">Se requieren donativos<\/p>\n<p dir=\"ltr\">Las nuevas instalaciones de ASOMAS marcan un hito en la historia de la instituci\u00f3n, sin embargo, mantener las operaciones del d\u00eda d\u00eda requiere un esfuerzo constante, por esta raz\u00f3n se extiende una cordial invitaci\u00f3n a la ciudadan\u00eda y empresas en general a realizar donaciones, ya sea poni\u00e9ndose en contacto directo con los directivos, o bien, a trav\u00e9s de la plataforma en l\u00ednea\u00a0<a href=\"https:\/\/asomas.org.mx\/asomas--quiero-ayudar.html\" target=\"_blank\" rel=\"noopener\" data-saferedirecturl=\"https:\/\/www.google.com\/url?q=https:\/\/asomas.org.mx\/asomas--quiero-ayudar.html&amp;source=gmail&amp;ust=1709236263843000&amp;usg=AOvVaw1WuPutk8KGJ7z-H9JONrey\">https:\/\/asomas.org.mx\/asomas&#8211;<wbr \/>quiero-ayudar.html<\/a><\/p>\n<p style=\"text-align: center;\">###<\/p>\n<p dir=\"ltr\">Acerca de ASOMAS<br \/>\nLa Asociaci\u00f3n Mexicana Anne Sullivan IAP, es una organizaci\u00f3n comprometida con mejorar la calidad de vida de las personas con sordoceguera y discapacidad m\u00faltiple en M\u00e9xico. Ofrece una amplia gama de servicios especializados, incluyendo educaci\u00f3n, terapia\u00a0 y apoyo familiar, con el objetivo de promover la inclusi\u00f3n social, educativa y laboral de este grupo. Trabajando con un equipo multidisciplinario, ASOMAS colabora con diversas instituciones y la comunidad en general para garantizar el acceso a oportunidades y derechos para las personas con sordoceguera y discapacidad m\u00faltiple, empoder\u00e1ndolas para alcanzar su m\u00e1ximo potencial y participar plenamente en la sociedad mexicana. Para m\u00e1s informaci\u00f3n puede visitar:\u00a0<a href=\"https:\/\/www.bing.com\/ck\/a?!&amp;&amp;p=fc21f50da0ba2c9fJmltdHM9MTcwODQ3MzYwMCZpZ3VpZD0xYWZmYmU2MC05ZDU4LTZmNzctMGUxYi1hZGVjOWMyMTZlNTMmaW5zaWQ9NTE5OQ&amp;ptn=3&amp;ver=2&amp;hsh=3&amp;fclid=1affbe60-9d58-6f77-0e1b-adec9c216e53&amp;psq=asomas&amp;u=a1aHR0cHM6Ly9hc29tYXMub3JnLm14Lw&amp;ntb=1\" target=\"_blank\" rel=\"noopener\" data-saferedirecturl=\"https:\/\/www.google.com\/url?q=https:\/\/www.bing.com\/ck\/a?!%26%26p%3Dfc21f50da0ba2c9fJmltdHM9MTcwODQ3MzYwMCZpZ3VpZD0xYWZmYmU2MC05ZDU4LTZmNzctMGUxYi1hZGVjOWMyMTZlNTMmaW5zaWQ9NTE5OQ%26ptn%3D3%26ver%3D2%26hsh%3D3%26fclid%3D1affbe60-9d58-6f77-0e1b-adec9c216e53%26psq%3Dasomas%26u%3Da1aHR0cHM6Ly9hc29tYXMub3JnLm14Lw%26ntb%3D1&amp;source=gmail&amp;ust=1709236263843000&amp;usg=AOvVaw1YEJOHwc77v4VRgofjvL8z\">asomas.org.mx,\u00a0<\/a><\/p>\n<p>&nbsp;<\/p>\n<p dir=\"ltr\">\u2013<\/p>\n<p dir=\"ltr\">Ariadna Cuevas<\/p>\n<p dir=\"ltr\">CEMPR Digital<\/p>\n<p dir=\"ltr\">Correo:\u00a0<a href=\"mailto:ariadna@cempr.com.mx\" target=\"_blank\" rel=\"noopener\">ariadna@cempr.com.mx<\/a><\/p>\n<p dir=\"ltr\">Cel: 5521328198<\/p>\n<p dir=\"ltr\"><a href=\"https:\/\/cempr.mx\/en\/\" target=\"_blank\" rel=\"noopener\" data-saferedirecturl=\"https:\/\/www.google.com\/url?q=https:\/\/cempr.mx\/&amp;source=gmail&amp;ust=1709236263843000&amp;usg=AOvVaw3ns8Eu0w2uV3FHs8KseuoS\">https:\/\/cempr.mx\/<\/a><\/p>","protected":false},"featured_media":821,"template":"","etiquetas-prensa":[18],"class_list":["post-820","comunicados-prensa","type-comunicados-prensa","status-publish","has-post-thumbnail","hentry","etiquetas-prensa-asomas"],"yoast_head":"<!-- This site is optimized with the Yoast SEO plugin v27.5 - https:\/\/yoast.com\/product\/yoast-seo-wordpress\/ -->\n<title>ASOMAS inaugura nuevas instalaciones para continuar su misi\u00f3n de apoyar a personas con sordoceguera en M\u00e9xico - CEMPR Digital Agencia de Relaciones P&uacute;blicas<\/title>\n<meta name=\"description\" content=\"La inauguraci\u00f3n de la nueva sede de la Asociaci\u00f3n Mexicana Anne Sullivan I.A.P. (ASOMAS), instituci\u00f3n sin fines de lucro dedicada al apoyo integral de personas con sordoceguera o discapacidad m\u00faltiple, es la culminaci\u00f3n de grandes esfuerzos realizados por sus representantes para mejorar la calidad en los servicios que brinda la asociaci\u00f3n.\" \/>\n<meta name=\"robots\" content=\"index, follow, max-snippet:-1, max-image-preview:large, max-video-preview:-1\" \/>\n<link rel=\"canonical\" href=\"https:\/\/cempr.mx\/en\/comunicados-prensa\/asomas-inaugura-nuevas-instalaciones-para-continuar-su-mision-de-apoyar-a-personas-con-sordoceguera-en-mexico\/\" \/>\n<meta property=\"og:locale\" content=\"en_US\" \/>\n<meta property=\"og:type\" content=\"article\" \/>\n<meta property=\"og:title\" content=\"ASOMAS inaugura nuevas instalaciones para continuar su misi\u00f3n de apoyar a personas con sordoceguera en M\u00e9xico - CEMPR Digital Agencia de Relaciones P&uacute;blicas\" \/>\n<meta property=\"og:description\" content=\"La inauguraci\u00f3n de la nueva sede de la Asociaci\u00f3n Mexicana Anne Sullivan I.A.P. (ASOMAS), instituci\u00f3n sin fines de lucro dedicada al apoyo integral de personas con sordoceguera o discapacidad m\u00faltiple, es la culminaci\u00f3n de grandes esfuerzos realizados por sus representantes para mejorar la calidad en los servicios que brinda la asociaci\u00f3n.\" \/>\n<meta property=\"og:url\" content=\"https:\/\/cempr.mx\/en\/comunicados-prensa\/asomas-inaugura-nuevas-instalaciones-para-continuar-su-mision-de-apoyar-a-personas-con-sordoceguera-en-mexico\/\" \/>\n<meta property=\"og:site_name\" content=\"CEMPR Digital Agencia de Relaciones P&uacute;blicas\" \/>\n<meta property=\"og:image\" content=\"https:\/\/cempr.mx\/wp-content\/uploads\/2024\/02\/Inauguracion-ASOMAS.jpg\" \/>\n\t<meta property=\"og:image:width\" content=\"1873\" \/>\n\t<meta property=\"og:image:height\" content=\"844\" \/>\n\t<meta property=\"og:image:type\" content=\"image\/jpeg\" \/>\n<meta name=\"twitter:card\" content=\"summary_large_image\" \/>\n<meta name=\"twitter:label1\" content=\"Est. reading time\" \/>\n\t<meta name=\"twitter:data1\" content=\"3 minutes\" \/>\n<script type=\"application\/ld+json\" class=\"yoast-schema-graph\">{\"@context\":\"https:\\\/\\\/schema.org\",\"@graph\":[{\"@type\":\"WebPage\",\"@id\":\"https:\\\/\\\/cempr.mx\\\/comunicados-prensa\\\/asomas-inaugura-nuevas-instalaciones-para-continuar-su-mision-de-apoyar-a-personas-con-sordoceguera-en-mexico\\\/\",\"url\":\"https:\\\/\\\/cempr.mx\\\/comunicados-prensa\\\/asomas-inaugura-nuevas-instalaciones-para-continuar-su-mision-de-apoyar-a-personas-con-sordoceguera-en-mexico\\\/\",\"name\":\"ASOMAS inaugura nuevas instalaciones para continuar su misi\u00f3n de apoyar a personas con sordoceguera en M\u00e9xico - CEMPR Digital Agencia de Relaciones P&uacute;blicas\",\"isPartOf\":{\"@id\":\"https:\\\/\\\/cempr.mx\\\/#website\"},\"primaryImageOfPage\":{\"@id\":\"https:\\\/\\\/cempr.mx\\\/comunicados-prensa\\\/asomas-inaugura-nuevas-instalaciones-para-continuar-su-mision-de-apoyar-a-personas-con-sordoceguera-en-mexico\\\/#primaryimage\"},\"image\":{\"@id\":\"https:\\\/\\\/cempr.mx\\\/comunicados-prensa\\\/asomas-inaugura-nuevas-instalaciones-para-continuar-su-mision-de-apoyar-a-personas-con-sordoceguera-en-mexico\\\/#primaryimage\"},\"thumbnailUrl\":\"https:\\\/\\\/cempr.mx\\\/wp-content\\\/uploads\\\/2024\\\/02\\\/Inauguracion-ASOMAS.jpg\",\"datePublished\":\"2024-02-28T21:20:02+00:00\",\"description\":\"La inauguraci\u00f3n de la nueva sede de la Asociaci\u00f3n Mexicana Anne Sullivan I.A.P. (ASOMAS), instituci\u00f3n sin fines de lucro dedicada al apoyo integral de personas con sordoceguera o discapacidad m\u00faltiple, es la culminaci\u00f3n de grandes esfuerzos realizados por sus representantes para mejorar la calidad en los servicios que brinda la asociaci\u00f3n.\",\"breadcrumb\":{\"@id\":\"https:\\\/\\\/cempr.mx\\\/comunicados-prensa\\\/asomas-inaugura-nuevas-instalaciones-para-continuar-su-mision-de-apoyar-a-personas-con-sordoceguera-en-mexico\\\/#breadcrumb\"},\"inLanguage\":\"en-US\",\"potentialAction\":[{\"@type\":\"ReadAction\",\"target\":[\"https:\\\/\\\/cempr.mx\\\/comunicados-prensa\\\/asomas-inaugura-nuevas-instalaciones-para-continuar-su-mision-de-apoyar-a-personas-con-sordoceguera-en-mexico\\\/\"]}]},{\"@type\":\"ImageObject\",\"inLanguage\":\"en-US\",\"@id\":\"https:\\\/\\\/cempr.mx\\\/comunicados-prensa\\\/asomas-inaugura-nuevas-instalaciones-para-continuar-su-mision-de-apoyar-a-personas-con-sordoceguera-en-mexico\\\/#primaryimage\",\"url\":\"https:\\\/\\\/cempr.mx\\\/wp-content\\\/uploads\\\/2024\\\/02\\\/Inauguracion-ASOMAS.jpg\",\"contentUrl\":\"https:\\\/\\\/cempr.mx\\\/wp-content\\\/uploads\\\/2024\\\/02\\\/Inauguracion-ASOMAS.jpg\",\"width\":1873,\"height\":844,\"caption\":\"ASOMAS Inauguraci\u00f3n\"},{\"@type\":\"BreadcrumbList\",\"@id\":\"https:\\\/\\\/cempr.mx\\\/comunicados-prensa\\\/asomas-inaugura-nuevas-instalaciones-para-continuar-su-mision-de-apoyar-a-personas-con-sordoceguera-en-mexico\\\/#breadcrumb\",\"itemListElement\":[{\"@type\":\"ListItem\",\"position\":1,\"name\":\"Portada\",\"item\":\"https:\\\/\\\/cempr.mx\\\/\"},{\"@type\":\"ListItem\",\"position\":2,\"name\":\"ASOMAS inaugura nuevas instalaciones para continuar su misi\u00f3n de apoyar a personas con sordoceguera en M\u00e9xico\"}]},{\"@type\":\"WebSite\",\"@id\":\"https:\\\/\\\/cempr.mx\\\/#website\",\"url\":\"https:\\\/\\\/cempr.mx\\\/\",\"name\":\"CEMPR Digital Agencia de Relaciones P&uacute;blicas\",\"description\":\"CEMPR Digital\",\"publisher\":{\"@id\":\"https:\\\/\\\/cempr.mx\\\/#organization\"},\"potentialAction\":[{\"@type\":\"SearchAction\",\"target\":{\"@type\":\"EntryPoint\",\"urlTemplate\":\"https:\\\/\\\/cempr.mx\\\/?s={search_term_string}\"},\"query-input\":{\"@type\":\"PropertyValueSpecification\",\"valueRequired\":true,\"valueName\":\"search_term_string\"}}],\"inLanguage\":\"en-US\"},{\"@type\":\"Organization\",\"@id\":\"https:\\\/\\\/cempr.mx\\\/#organization\",\"name\":\"CEMPR Digital Agencia de Relaciones P&uacute;blicas\",\"url\":\"https:\\\/\\\/cempr.mx\\\/\",\"logo\":{\"@type\":\"ImageObject\",\"inLanguage\":\"en-US\",\"@id\":\"https:\\\/\\\/cempr.mx\\\/#\\\/schema\\\/logo\\\/image\\\/\",\"url\":\"https:\\\/\\\/cempr.mx\\\/wp-content\\\/uploads\\\/2023\\\/08\\\/logo-cempr.png\",\"contentUrl\":\"https:\\\/\\\/cempr.mx\\\/wp-content\\\/uploads\\\/2023\\\/08\\\/logo-cempr.png\",\"width\":302,\"height\":216,\"caption\":\"CEMPR Digital Agencia de Relaciones P&uacute;blicas\"},\"image\":{\"@id\":\"https:\\\/\\\/cempr.mx\\\/#\\\/schema\\\/logo\\\/image\\\/\"}}]}<\/script>\n<!-- \/ Yoast SEO plugin. -->","yoast_head_json":{"title":"ASOMAS inaugura nuevas instalaciones para continuar su misi\u00f3n de apoyar a personas con sordoceguera en M\u00e9xico - CEMPR Digital Agencia de Relaciones P&uacute;blicas","description":"La inauguraci\u00f3n de la nueva sede de la Asociaci\u00f3n Mexicana Anne Sullivan I.A.P. (ASOMAS), instituci\u00f3n sin fines de lucro dedicada al apoyo integral de personas con sordoceguera o discapacidad m\u00faltiple, es la culminaci\u00f3n de grandes esfuerzos realizados por sus representantes para mejorar la calidad en los servicios que brinda la asociaci\u00f3n.","robots":{"index":"index","follow":"follow","max-snippet":"max-snippet:-1","max-image-preview":"max-image-preview:large","max-video-preview":"max-video-preview:-1"},"canonical":"https:\/\/cempr.mx\/en\/comunicados-prensa\/asomas-inaugura-nuevas-instalaciones-para-continuar-su-mision-de-apoyar-a-personas-con-sordoceguera-en-mexico\/","og_locale":"en_US","og_type":"article","og_title":"ASOMAS inaugura nuevas instalaciones para continuar su misi\u00f3n de apoyar a personas con sordoceguera en M\u00e9xico - CEMPR Digital Agencia de Relaciones P&uacute;blicas","og_description":"La inauguraci\u00f3n de la nueva sede de la Asociaci\u00f3n Mexicana Anne Sullivan I.A.P. (ASOMAS), instituci\u00f3n sin fines de lucro dedicada al apoyo integral de personas con sordoceguera o discapacidad m\u00faltiple, es la culminaci\u00f3n de grandes esfuerzos realizados por sus representantes para mejorar la calidad en los servicios que brinda la asociaci\u00f3n.","og_url":"https:\/\/cempr.mx\/en\/comunicados-prensa\/asomas-inaugura-nuevas-instalaciones-para-continuar-su-mision-de-apoyar-a-personas-con-sordoceguera-en-mexico\/","og_site_name":"CEMPR Digital Agencia de Relaciones P&uacute;blicas","og_image":[{"width":1873,"height":844,"url":"https:\/\/cempr.mx\/wp-content\/uploads\/2024\/02\/Inauguracion-ASOMAS.jpg","type":"image\/jpeg"}],"twitter_card":"summary_large_image","twitter_misc":{"Est. reading time":"3 minutes"},"schema":{"@context":"https:\/\/schema.org","@graph":[{"@type":"WebPage","@id":"https:\/\/cempr.mx\/comunicados-prensa\/asomas-inaugura-nuevas-instalaciones-para-continuar-su-mision-de-apoyar-a-personas-con-sordoceguera-en-mexico\/","url":"https:\/\/cempr.mx\/comunicados-prensa\/asomas-inaugura-nuevas-instalaciones-para-continuar-su-mision-de-apoyar-a-personas-con-sordoceguera-en-mexico\/","name":"ASOMAS inaugura nuevas instalaciones para continuar su misi\u00f3n de apoyar a personas con sordoceguera en M\u00e9xico - CEMPR Digital Agencia de Relaciones P&uacute;blicas","isPartOf":{"@id":"https:\/\/cempr.mx\/#website"},"primaryImageOfPage":{"@id":"https:\/\/cempr.mx\/comunicados-prensa\/asomas-inaugura-nuevas-instalaciones-para-continuar-su-mision-de-apoyar-a-personas-con-sordoceguera-en-mexico\/#primaryimage"},"image":{"@id":"https:\/\/cempr.mx\/comunicados-prensa\/asomas-inaugura-nuevas-instalaciones-para-continuar-su-mision-de-apoyar-a-personas-con-sordoceguera-en-mexico\/#primaryimage"},"thumbnailUrl":"https:\/\/cempr.mx\/wp-content\/uploads\/2024\/02\/Inauguracion-ASOMAS.jpg","datePublished":"2024-02-28T21:20:02+00:00","description":"La inauguraci\u00f3n de la nueva sede de la Asociaci\u00f3n Mexicana Anne Sullivan I.A.P. (ASOMAS), instituci\u00f3n sin fines de lucro dedicada al apoyo integral de personas con sordoceguera o discapacidad m\u00faltiple, es la culminaci\u00f3n de grandes esfuerzos realizados por sus representantes para mejorar la calidad en los servicios que brinda la asociaci\u00f3n.","breadcrumb":{"@id":"https:\/\/cempr.mx\/comunicados-prensa\/asomas-inaugura-nuevas-instalaciones-para-continuar-su-mision-de-apoyar-a-personas-con-sordoceguera-en-mexico\/#breadcrumb"},"inLanguage":"en-US","potentialAction":[{"@type":"ReadAction","target":["https:\/\/cempr.mx\/comunicados-prensa\/asomas-inaugura-nuevas-instalaciones-para-continuar-su-mision-de-apoyar-a-personas-con-sordoceguera-en-mexico\/"]}]},{"@type":"ImageObject","inLanguage":"en-US","@id":"https:\/\/cempr.mx\/comunicados-prensa\/asomas-inaugura-nuevas-instalaciones-para-continuar-su-mision-de-apoyar-a-personas-con-sordoceguera-en-mexico\/#primaryimage","url":"https:\/\/cempr.mx\/wp-content\/uploads\/2024\/02\/Inauguracion-ASOMAS.jpg","contentUrl":"https:\/\/cempr.mx\/wp-content\/uploads\/2024\/02\/Inauguracion-ASOMAS.jpg","width":1873,"height":844,"caption":"ASOMAS Inauguraci\u00f3n"},{"@type":"BreadcrumbList","@id":"https:\/\/cempr.mx\/comunicados-prensa\/asomas-inaugura-nuevas-instalaciones-para-continuar-su-mision-de-apoyar-a-personas-con-sordoceguera-en-mexico\/#breadcrumb","itemListElement":[{"@type":"ListItem","position":1,"name":"Portada","item":"https:\/\/cempr.mx\/"},{"@type":"ListItem","position":2,"name":"ASOMAS inaugura nuevas instalaciones para continuar su misi\u00f3n de apoyar a personas con sordoceguera en M\u00e9xico"}]},{"@type":"WebSite","@id":"https:\/\/cempr.mx\/#website","url":"https:\/\/cempr.mx\/","name":"CEMPR Digital Public Relations Agency","description":"CEMPR Digital","publisher":{"@id":"https:\/\/cempr.mx\/#organization"},"potentialAction":[{"@type":"SearchAction","target":{"@type":"EntryPoint","urlTemplate":"https:\/\/cempr.mx\/?s={search_term_string}"},"query-input":{"@type":"PropertyValueSpecification","valueRequired":true,"valueName":"search_term_string"}}],"inLanguage":"en-US"},{"@type":"Organization","@id":"https:\/\/cempr.mx\/#organization","name":"CEMPR Digital Public Relations Agency","url":"https:\/\/cempr.mx\/","logo":{"@type":"ImageObject","inLanguage":"en-US","@id":"https:\/\/cempr.mx\/#\/schema\/logo\/image\/","url":"https:\/\/cempr.mx\/wp-content\/uploads\/2023\/08\/logo-cempr.png","contentUrl":"https:\/\/cempr.mx\/wp-content\/uploads\/2023\/08\/logo-cempr.png","width":302,"height":216,"caption":"CEMPR Digital Agencia de Relaciones P&uacute;blicas"},"image":{"@id":"https:\/\/cempr.mx\/#\/schema\/logo\/image\/"}}]}},"_links":{"self":[{"href":"https:\/\/cempr.mx\/en\/wp-json\/wp\/v2\/comunicados-prensa\/820","targetHints":{"allow":["GET"]}}],"collection":[{"href":"https:\/\/cempr.mx\/en\/wp-json\/wp\/v2\/comunicados-prensa"}],"about":[{"href":"https:\/\/cempr.mx\/en\/wp-json\/wp\/v2\/types\/comunicados-prensa"}],"version-history":[{"count":1,"href":"https:\/\/cempr.mx\/en\/wp-json\/wp\/v2\/comunicados-prensa\/820\/revisions"}],"predecessor-version":[{"id":822,"href":"https:\/\/cempr.mx\/en\/wp-json\/wp\/v2\/comunicados-prensa\/820\/revisions\/822"}],"wp:featuredmedia":[{"embeddable":true,"href":"https:\/\/cempr.mx\/en\/wp-json\/wp\/v2\/media\/821"}],"wp:attachment":[{"href":"https:\/\/cempr.mx\/en\/wp-json\/wp\/v2\/media?parent=820"}],"wp:term":[{"taxonomy":"etiquetas-prensa","embeddable":true,"href":"https:\/\/cempr.mx\/en\/wp-json\/wp\/v2\/etiquetas-prensa?post=820"}],"curies":[{"name":"wp","href":"https:\/\/api.w.org\/{rel}","templated":true}]}}