{"id":437,"date":"2023-08-02T18:05:30","date_gmt":"2023-08-03T00:05:30","guid":{"rendered":"http:\/\/cempr.mx\/?post_type=comunicados-prensa&#038;p=437"},"modified":"2023-08-22T18:07:58","modified_gmt":"2023-08-23T00:07:58","slug":"sordoceguera-no-recibe-la-atencion-que-se-requiere-en-mexico-asomas","status":"publish","type":"comunicados-prensa","link":"https:\/\/cempr.mx\/en\/comunicados-prensa\/sordoceguera-no-recibe-la-atencion-que-se-requiere-en-mexico-asomas\/","title":{"rendered":"Sordoceguera no recibe la atenci\u00f3n que se requiere en M\u00e9xico: Asomas"},"content":{"rendered":"<ul>\n<li><em>Falta de apoyo impide la continuidad en la atenci\u00f3n a ni\u00f1os con discapacidad m\u00faltiple<\/em><\/li>\n<\/ul>\n<ul>\n<li><em>En M\u00e9xico se estima que la condici\u00f3n de\u00a0sordoceguera\u00a0refiere al 6.5% del total de la poblaci\u00f3n con discapacidad a nivel nacional; y al 0.38% del total de la poblaci\u00f3n a nivel nacional, lo que significa aproximadamente a 466,178 personas<\/em> <em>seg\u00fan el \u00faltimo estudio realizado en 2018<\/em><\/li>\n<\/ul>\n<p><strong>Ciudad de M\u00e9xico a 2 de agosto de 2023.-<\/strong> La Asociaci\u00f3n\u00a0Mexicana\u00a0Anne Sullivan\u00a0I.A.P. (ASOMAS), organizaci\u00f3n sin fines de lucro, se\u00f1al\u00f3 a trav\u00e9s de su directora general, Isabel Gal\u00edndez, los retos que enfrenta una instituci\u00f3n educativa enfocada en atender a ni\u00f1os con discapacidad m\u00faltiple como puede ser la sordoceguera.<\/p>\n<p>\u201cCada vez los donativos son menores, y tampoco existe una real consciencia ni de parte de la poblaci\u00f3n ni de los \u00f3rganos de gobierno. Sobrevivir a un periodo como lo fue la reciente pandemia, ha sido casi un milagro\u201d, se\u00f1al\u00f3 Gal\u00edndez.<\/p>\n<p>La reducci\u00f3n en el flujo de capital y las restricciones impuestas por el espacio seguro y la sana distancia durante la pandemia, obligaron a Asomas a cerrar la escuela f\u00edsica al norte de la ciudad, retando a\u00fan cada vez m\u00e1s a impartir clases a distancia, donde el contacto f\u00edsico con los alumnos con discapacidad m\u00faltiple es fundamental.<\/p>\n<p>\u201cPara nosotros ha sido muy dif\u00edcil mantener nuestra plantilla de maestras, ya que nos hemos visto muy impactadas econ\u00f3micamente, pero tambi\u00e9n est\u00e1 el reto para los padres de familia por no encontrar un espacio donde poder atender a sus hijos, vemos un panorama muy complicado, pero estamos seguros de que saldremos adelante\u201d, coment\u00f3 Gal\u00edndez.<\/p>\n<p><strong>Nueva sede <\/strong><\/p>\n<p>Despu\u00e9s de que las condiciones sanitarias lo permitieron, gracias al apoyo de la Delegaci\u00f3n Miguel Hidalgo, ASOMAS pudo regresar a clases presenciales dentro de un espacio que les fue asignado dentro de un parque en las inmediaciones de la propia delegaci\u00f3n, para poder atender a los m\u00e1s de 25 alumnos que recibe actualmente.<\/p>\n<p>\u201cEstamos muy agradecidos por el espacio que nos brind\u00f3 la delegaci\u00f3n para poder continuar apoyando a nuestros ni\u00f1os y padres de familia. Para nosotros es vital tener contacto f\u00edsico con ellos para poder desarrollar sus capacidades. Adem\u00e1s, hemos tenido noticias incre\u00edbles, si todo sale bien, esperamos que para el 1ero de septiembre podamos estrenar una nueva sede ubicada en Cerrada Lago San Pedro 92, tambi\u00e9n en la delegaci\u00f3n Miguel Hidalgo\u201d, expuso la directora de Asomas.<\/p>\n<p><strong>Se requieren donativos <\/strong><\/p>\n<p>Para complementar los esfuerzos de esta nueva sede de ASOMAS, la instituci\u00f3n requiere de donativos tanto en dinero como en especie. Ya que es necesario habilitar el inmueble y convertirlo nuevamente en una escuela que sea funcional para los alumnos.<\/p>\n<p>Los donativos monetarios se pueden realizar directamente mediante la plataforma Donadora (www.donadora.org\/asomas). Y en el caso de los donativos en especie, ASOMAS hace una atenta invitaci\u00f3n a donar sillas, mesas, l\u00e1pices, material de papeler\u00eda hasta art\u00edculos b\u00e1sicos de limpieza como escobas, franelas y detergente. Tambi\u00e9n se requieren art\u00edculos de cocina como cafetera, refrigerador y horno de microondas.<\/p>\n<p>Para conocer la lista completa de art\u00edculos en especie o para obtener m\u00e1s informaci\u00f3n acerca otras formas de ayudar a la instituci\u00f3n se pueden poner en contacto con Ra\u00fal Guti\u00e9rrez, Coordinador de Desarrollo de Proyectos en Asomas, al correo <a href=\"mailto:proyectos@asomas.org.mx\">proyectos@asomas.org.mx<\/a> o llamar al tel\u00e9fono 552 896 5083.<\/p>\n<p>###<\/p>\n<p><strong>Acerca de Asomas<\/strong><\/p>\n<p>ASOMAS (Asociaci\u00f3n Mexicana Anne Sullivan I.A.P.) nace formalmente en la Ciudad de M\u00e9xico en el a\u00f1o 2001. Es la primera instituci\u00f3n en toda la Rep\u00fablica Mexicana en su clase, con un modelo espec\u00edfico para habilitar y\/o rehabilitar a personas con discapacidad m\u00faltiple, incluyendo la sordoceguera.<\/p>\n<p>Contacto de prensa<\/p>\n<p>Ariadna Cuevas<\/p>\n<p>CEMPR Digital<\/p>\n<p><a href=\"mailto:ariadna@cempr.com.mx\">ariadna@cempr.com.mx<\/a><\/p>","protected":false},"featured_media":414,"template":"","etiquetas-prensa":[18],"class_list":["post-437","comunicados-prensa","type-comunicados-prensa","status-publish","has-post-thumbnail","hentry","etiquetas-prensa-asomas"],"yoast_head":"<!-- This site is optimized with the Yoast SEO plugin v27.5 - https:\/\/yoast.com\/product\/yoast-seo-wordpress\/ -->\n<title>Sordoceguera no recibe la atenci\u00f3n que se requiere en M\u00e9xico: Asomas - CEMPR Digital Agencia de Relaciones P&uacute;blicas<\/title>\n<meta name=\"robots\" content=\"index, follow, max-snippet:-1, max-image-preview:large, max-video-preview:-1\" \/>\n<link rel=\"canonical\" href=\"https:\/\/cempr.mx\/en\/comunicados-prensa\/sordoceguera-no-recibe-la-atencion-que-se-requiere-en-mexico-asomas\/\" \/>\n<meta property=\"og:locale\" content=\"en_US\" \/>\n<meta property=\"og:type\" content=\"article\" \/>\n<meta property=\"og:title\" content=\"Sordoceguera no recibe la atenci\u00f3n que se requiere en M\u00e9xico: Asomas - CEMPR Digital Agencia de Relaciones P&uacute;blicas\" \/>\n<meta property=\"og:description\" content=\"Falta de apoyo impide la continuidad en la atenci\u00f3n a ni\u00f1os con discapacidad m\u00faltiple En M\u00e9xico se estima que la condici\u00f3n de\u00a0sordoceguera\u00a0refiere al 6.5% del total de la poblaci\u00f3n con discapacidad a nivel nacional; y al 0.38% del total de la poblaci\u00f3n a nivel nacional, lo que significa aproximadamente a 466,178 personas seg\u00fan el \u00faltimo [&hellip;]\" \/>\n<meta property=\"og:url\" content=\"https:\/\/cempr.mx\/en\/comunicados-prensa\/sordoceguera-no-recibe-la-atencion-que-se-requiere-en-mexico-asomas\/\" \/>\n<meta property=\"og:site_name\" content=\"CEMPR Digital Agencia de Relaciones P&uacute;blicas\" \/>\n<meta property=\"article:modified_time\" content=\"2023-08-23T00:07:58+00:00\" \/>\n<meta property=\"og:image\" content=\"https:\/\/cempr.mx\/wp-content\/uploads\/2023\/08\/0802-2023-Dahua-centrales_elec-foto.webp\" \/>\n\t<meta property=\"og:image:width\" content=\"720\" \/>\n\t<meta property=\"og:image:height\" content=\"303\" \/>\n\t<meta property=\"og:image:type\" content=\"image\/webp\" \/>\n<meta name=\"twitter:card\" content=\"summary_large_image\" \/>\n<meta name=\"twitter:label1\" content=\"Est. reading time\" \/>\n\t<meta name=\"twitter:data1\" content=\"3 minutes\" \/>\n<script type=\"application\/ld+json\" class=\"yoast-schema-graph\">{\"@context\":\"https:\\\/\\\/schema.org\",\"@graph\":[{\"@type\":\"WebPage\",\"@id\":\"https:\\\/\\\/cempr.mx\\\/comunicados-prensa\\\/sordoceguera-no-recibe-la-atencion-que-se-requiere-en-mexico-asomas\\\/\",\"url\":\"https:\\\/\\\/cempr.mx\\\/comunicados-prensa\\\/sordoceguera-no-recibe-la-atencion-que-se-requiere-en-mexico-asomas\\\/\",\"name\":\"Sordoceguera no recibe la atenci\u00f3n que se requiere en M\u00e9xico: Asomas - CEMPR Digital Agencia de Relaciones P&uacute;blicas\",\"isPartOf\":{\"@id\":\"https:\\\/\\\/cempr.mx\\\/#website\"},\"primaryImageOfPage\":{\"@id\":\"https:\\\/\\\/cempr.mx\\\/comunicados-prensa\\\/sordoceguera-no-recibe-la-atencion-que-se-requiere-en-mexico-asomas\\\/#primaryimage\"},\"image\":{\"@id\":\"https:\\\/\\\/cempr.mx\\\/comunicados-prensa\\\/sordoceguera-no-recibe-la-atencion-que-se-requiere-en-mexico-asomas\\\/#primaryimage\"},\"thumbnailUrl\":\"https:\\\/\\\/cempr.mx\\\/wp-content\\\/uploads\\\/2023\\\/08\\\/0802-2023-Dahua-centrales_elec-foto.webp\",\"datePublished\":\"2023-08-03T00:05:30+00:00\",\"dateModified\":\"2023-08-23T00:07:58+00:00\",\"breadcrumb\":{\"@id\":\"https:\\\/\\\/cempr.mx\\\/comunicados-prensa\\\/sordoceguera-no-recibe-la-atencion-que-se-requiere-en-mexico-asomas\\\/#breadcrumb\"},\"inLanguage\":\"en-US\",\"potentialAction\":[{\"@type\":\"ReadAction\",\"target\":[\"https:\\\/\\\/cempr.mx\\\/comunicados-prensa\\\/sordoceguera-no-recibe-la-atencion-que-se-requiere-en-mexico-asomas\\\/\"]}]},{\"@type\":\"ImageObject\",\"inLanguage\":\"en-US\",\"@id\":\"https:\\\/\\\/cempr.mx\\\/comunicados-prensa\\\/sordoceguera-no-recibe-la-atencion-que-se-requiere-en-mexico-asomas\\\/#primaryimage\",\"url\":\"https:\\\/\\\/cempr.mx\\\/wp-content\\\/uploads\\\/2023\\\/08\\\/0802-2023-Dahua-centrales_elec-foto.webp\",\"contentUrl\":\"https:\\\/\\\/cempr.mx\\\/wp-content\\\/uploads\\\/2023\\\/08\\\/0802-2023-Dahua-centrales_elec-foto.webp\",\"width\":720,\"height\":303},{\"@type\":\"BreadcrumbList\",\"@id\":\"https:\\\/\\\/cempr.mx\\\/comunicados-prensa\\\/sordoceguera-no-recibe-la-atencion-que-se-requiere-en-mexico-asomas\\\/#breadcrumb\",\"itemListElement\":[{\"@type\":\"ListItem\",\"position\":1,\"name\":\"Portada\",\"item\":\"https:\\\/\\\/cempr.mx\\\/\"},{\"@type\":\"ListItem\",\"position\":2,\"name\":\"Sordoceguera no recibe la atenci\u00f3n que se requiere en M\u00e9xico: Asomas\"}]},{\"@type\":\"WebSite\",\"@id\":\"https:\\\/\\\/cempr.mx\\\/#website\",\"url\":\"https:\\\/\\\/cempr.mx\\\/\",\"name\":\"CEMPR Digital Agencia de Relaciones P&uacute;blicas\",\"description\":\"CEMPR Digital\",\"publisher\":{\"@id\":\"https:\\\/\\\/cempr.mx\\\/#organization\"},\"potentialAction\":[{\"@type\":\"SearchAction\",\"target\":{\"@type\":\"EntryPoint\",\"urlTemplate\":\"https:\\\/\\\/cempr.mx\\\/?s={search_term_string}\"},\"query-input\":{\"@type\":\"PropertyValueSpecification\",\"valueRequired\":true,\"valueName\":\"search_term_string\"}}],\"inLanguage\":\"en-US\"},{\"@type\":\"Organization\",\"@id\":\"https:\\\/\\\/cempr.mx\\\/#organization\",\"name\":\"CEMPR Digital Agencia de Relaciones P&uacute;blicas\",\"url\":\"https:\\\/\\\/cempr.mx\\\/\",\"logo\":{\"@type\":\"ImageObject\",\"inLanguage\":\"en-US\",\"@id\":\"https:\\\/\\\/cempr.mx\\\/#\\\/schema\\\/logo\\\/image\\\/\",\"url\":\"https:\\\/\\\/cempr.mx\\\/wp-content\\\/uploads\\\/2023\\\/08\\\/logo-cempr.png\",\"contentUrl\":\"https:\\\/\\\/cempr.mx\\\/wp-content\\\/uploads\\\/2023\\\/08\\\/logo-cempr.png\",\"width\":302,\"height\":216,\"caption\":\"CEMPR Digital Agencia de Relaciones P&uacute;blicas\"},\"image\":{\"@id\":\"https:\\\/\\\/cempr.mx\\\/#\\\/schema\\\/logo\\\/image\\\/\"}}]}<\/script>\n<!-- \/ Yoast SEO plugin. -->","yoast_head_json":{"title":"Sordoceguera no recibe la atenci\u00f3n que se requiere en M\u00e9xico: Asomas - CEMPR Digital Agencia de Relaciones P&uacute;blicas","robots":{"index":"index","follow":"follow","max-snippet":"max-snippet:-1","max-image-preview":"max-image-preview:large","max-video-preview":"max-video-preview:-1"},"canonical":"https:\/\/cempr.mx\/en\/comunicados-prensa\/sordoceguera-no-recibe-la-atencion-que-se-requiere-en-mexico-asomas\/","og_locale":"en_US","og_type":"article","og_title":"Sordoceguera no recibe la atenci\u00f3n que se requiere en M\u00e9xico: Asomas - CEMPR Digital Agencia de Relaciones P&uacute;blicas","og_description":"Falta de apoyo impide la continuidad en la atenci\u00f3n a ni\u00f1os con discapacidad m\u00faltiple En M\u00e9xico se estima que la condici\u00f3n de\u00a0sordoceguera\u00a0refiere al 6.5% del total de la poblaci\u00f3n con discapacidad a nivel nacional; y al 0.38% del total de la poblaci\u00f3n a nivel nacional, lo que significa aproximadamente a 466,178 personas seg\u00fan el \u00faltimo [&hellip;]","og_url":"https:\/\/cempr.mx\/en\/comunicados-prensa\/sordoceguera-no-recibe-la-atencion-que-se-requiere-en-mexico-asomas\/","og_site_name":"CEMPR Digital Agencia de Relaciones P&uacute;blicas","article_modified_time":"2023-08-23T00:07:58+00:00","og_image":[{"width":720,"height":303,"url":"https:\/\/cempr.mx\/wp-content\/uploads\/2023\/08\/0802-2023-Dahua-centrales_elec-foto.webp","type":"image\/webp"}],"twitter_card":"summary_large_image","twitter_misc":{"Est. reading time":"3 minutes"},"schema":{"@context":"https:\/\/schema.org","@graph":[{"@type":"WebPage","@id":"https:\/\/cempr.mx\/comunicados-prensa\/sordoceguera-no-recibe-la-atencion-que-se-requiere-en-mexico-asomas\/","url":"https:\/\/cempr.mx\/comunicados-prensa\/sordoceguera-no-recibe-la-atencion-que-se-requiere-en-mexico-asomas\/","name":"Sordoceguera no recibe la atenci\u00f3n que se requiere en M\u00e9xico: Asomas - CEMPR Digital Agencia de Relaciones P&uacute;blicas","isPartOf":{"@id":"https:\/\/cempr.mx\/#website"},"primaryImageOfPage":{"@id":"https:\/\/cempr.mx\/comunicados-prensa\/sordoceguera-no-recibe-la-atencion-que-se-requiere-en-mexico-asomas\/#primaryimage"},"image":{"@id":"https:\/\/cempr.mx\/comunicados-prensa\/sordoceguera-no-recibe-la-atencion-que-se-requiere-en-mexico-asomas\/#primaryimage"},"thumbnailUrl":"https:\/\/cempr.mx\/wp-content\/uploads\/2023\/08\/0802-2023-Dahua-centrales_elec-foto.webp","datePublished":"2023-08-03T00:05:30+00:00","dateModified":"2023-08-23T00:07:58+00:00","breadcrumb":{"@id":"https:\/\/cempr.mx\/comunicados-prensa\/sordoceguera-no-recibe-la-atencion-que-se-requiere-en-mexico-asomas\/#breadcrumb"},"inLanguage":"en-US","potentialAction":[{"@type":"ReadAction","target":["https:\/\/cempr.mx\/comunicados-prensa\/sordoceguera-no-recibe-la-atencion-que-se-requiere-en-mexico-asomas\/"]}]},{"@type":"ImageObject","inLanguage":"en-US","@id":"https:\/\/cempr.mx\/comunicados-prensa\/sordoceguera-no-recibe-la-atencion-que-se-requiere-en-mexico-asomas\/#primaryimage","url":"https:\/\/cempr.mx\/wp-content\/uploads\/2023\/08\/0802-2023-Dahua-centrales_elec-foto.webp","contentUrl":"https:\/\/cempr.mx\/wp-content\/uploads\/2023\/08\/0802-2023-Dahua-centrales_elec-foto.webp","width":720,"height":303},{"@type":"BreadcrumbList","@id":"https:\/\/cempr.mx\/comunicados-prensa\/sordoceguera-no-recibe-la-atencion-que-se-requiere-en-mexico-asomas\/#breadcrumb","itemListElement":[{"@type":"ListItem","position":1,"name":"Portada","item":"https:\/\/cempr.mx\/"},{"@type":"ListItem","position":2,"name":"Sordoceguera no recibe la atenci\u00f3n que se requiere en M\u00e9xico: Asomas"}]},{"@type":"WebSite","@id":"https:\/\/cempr.mx\/#website","url":"https:\/\/cempr.mx\/","name":"CEMPR Digital Public Relations Agency","description":"CEMPR Digital","publisher":{"@id":"https:\/\/cempr.mx\/#organization"},"potentialAction":[{"@type":"SearchAction","target":{"@type":"EntryPoint","urlTemplate":"https:\/\/cempr.mx\/?s={search_term_string}"},"query-input":{"@type":"PropertyValueSpecification","valueRequired":true,"valueName":"search_term_string"}}],"inLanguage":"en-US"},{"@type":"Organization","@id":"https:\/\/cempr.mx\/#organization","name":"CEMPR Digital Public Relations Agency","url":"https:\/\/cempr.mx\/","logo":{"@type":"ImageObject","inLanguage":"en-US","@id":"https:\/\/cempr.mx\/#\/schema\/logo\/image\/","url":"https:\/\/cempr.mx\/wp-content\/uploads\/2023\/08\/logo-cempr.png","contentUrl":"https:\/\/cempr.mx\/wp-content\/uploads\/2023\/08\/logo-cempr.png","width":302,"height":216,"caption":"CEMPR Digital Agencia de Relaciones P&uacute;blicas"},"image":{"@id":"https:\/\/cempr.mx\/#\/schema\/logo\/image\/"}}]}},"_links":{"self":[{"href":"https:\/\/cempr.mx\/en\/wp-json\/wp\/v2\/comunicados-prensa\/437","targetHints":{"allow":["GET"]}}],"collection":[{"href":"https:\/\/cempr.mx\/en\/wp-json\/wp\/v2\/comunicados-prensa"}],"about":[{"href":"https:\/\/cempr.mx\/en\/wp-json\/wp\/v2\/types\/comunicados-prensa"}],"version-history":[{"count":1,"href":"https:\/\/cempr.mx\/en\/wp-json\/wp\/v2\/comunicados-prensa\/437\/revisions"}],"predecessor-version":[{"id":438,"href":"https:\/\/cempr.mx\/en\/wp-json\/wp\/v2\/comunicados-prensa\/437\/revisions\/438"}],"wp:featuredmedia":[{"embeddable":true,"href":"https:\/\/cempr.mx\/en\/wp-json\/wp\/v2\/media\/414"}],"wp:attachment":[{"href":"https:\/\/cempr.mx\/en\/wp-json\/wp\/v2\/media?parent=437"}],"wp:term":[{"taxonomy":"etiquetas-prensa","embeddable":true,"href":"https:\/\/cempr.mx\/en\/wp-json\/wp\/v2\/etiquetas-prensa?post=437"}],"curies":[{"name":"wp","href":"https:\/\/api.w.org\/{rel}","templated":true}]}}