{"id":1245,"date":"2024-07-31T11:22:34","date_gmt":"2024-07-31T17:22:34","guid":{"rendered":"https:\/\/cempr.mx\/?post_type=comunicados-prensa&#038;p=1245"},"modified":"2024-08-07T12:26:02","modified_gmt":"2024-08-07T18:26:02","slug":"inauguracion-mexipan-2024","status":"publish","type":"comunicados-prensa","link":"https:\/\/cempr.mx\/en\/comunicados-prensa\/inauguracion-mexipan-2024\/","title":{"rendered":"Inauguraci\u00f3n Mexipan 2024"},"content":{"rendered":"<div><strong>Media Alert<\/strong><\/div>\n<div><\/div>\n<div><img fetchpriority=\"high\" decoding=\"async\" class=\"CToWUd a6T\" tabindex=\"0\" src=\"https:\/\/mail.google.com\/mail\/u\/0?ui=2&amp;ik=04cfef2add&amp;attid=0.0.2&amp;permmsgid=msg-f:1806126279081619099&amp;th=1910a64814286e9b&amp;view=fimg&amp;fur=ip&amp;sz=s0-l75-ft&amp;attbid=ANGjdJ_ZkSJ8vb0LTvVi5qqdwyeWNPMpEsgVt8uxb5QWZGBceZG-z1QdTAP9bvJbA6EVr8W_Ilnhp2evoWYQUNQtsZUD2Xz3bhdjrM8KHVc_KeGXoBLISOgsh4HiueU&amp;disp=emb&amp;realattid=ii_lza9pm9o1\" alt=\"Corte de List\u00f3n Mexipan .jpg\" width=\"606\" height=\"330\" data-image-whitelisted=\"\" data-bit=\"iit\" \/><\/div>\n<div><\/div>\n<div><\/div>\n<p>Mexipan 2024, la feria m\u00e1s importante de pan, reposter\u00eda, chocolater\u00eda, helados y pizza en M\u00e9xico y Am\u00e9rica Latina, abre oficialmente sus puertas en el Centro Citibanamex de la Ciudad de M\u00e9xico. Este evento, que se celebra del 31 de julio al 3 de agosto, re\u00fane a los principales actores de la industria para presentar innovaciones, tendencias y oportunidades de negocio en el sector.<\/p>\n<p>Durante la inauguraci\u00f3n, se realiz\u00f3 un simb\u00f3lico corte de list\u00f3n que dio inicio a una variedad de actividades, incluyendo demostraciones en vivo, conferencias impartidas por expertos como Joshua Serrano, maestro Pizzaiolo ganador mexicano del Campeonato Panamericano de Pizza 2022, Jorge Zarate, Vicepresidente Senior Global de Operaciones e Ingenier\u00eda de Grupo Bimbo, que hablara sobre la inteligencia artificial en la industria panadera, por mencionar a algunos, degustaciones de productos exclusivos y mucho m\u00e1s.<\/p>\n<p>Mexipan 2024 cuenta con la participaci\u00f3n de importantes marcas nacionales como Europan, por parte de equipos de panader\u00eda, Grupo Chantilly , Panader\u00eda Elizondo, Mantequilla Gloria, Revent, entre otros, consolid\u00e1ndose como un evento clave para profesionales y apasionados del sector.<\/p>\n<p>\u00abMexipan Feria es un pilar fundamental para el sector de la panader\u00eda en M\u00e9xico, proporcionando un espacio donde la tradici\u00f3n y la innovaci\u00f3n se encuentran. A trav\u00e9s de su plataforma, los panaderos mexicanos tienen la oportunidad de descubrir las \u00faltimas tendencias, tecnolog\u00edas y productos que impulsan su crecimiento y competitividad en el mercado global. Adem\u00e1s, Mexipan fortalece los lazos con pa\u00edses como Francia, reconocidos mundialmente por su excelencia gastron\u00f3mica, permitiendo un intercambio cultural y de conocimientos que enriquece y eleva la calidad de la panader\u00eda mexicana.\u00bb, mencion\u00f3 Amador M\u00e9ndez, presidente de la Asociaci\u00f3n Nacional de Proveedores Profesionales de la Industria del Pan, Reposter\u00eda y Similares, A.C. (Anpropan)<\/p>","protected":false},"featured_media":1246,"template":"","etiquetas-prensa":[33],"class_list":["post-1245","comunicados-prensa","type-comunicados-prensa","status-publish","has-post-thumbnail","hentry","etiquetas-prensa-mexipan"],"yoast_head":"<!-- This site is optimized with the Yoast SEO plugin v27.5 - https:\/\/yoast.com\/product\/yoast-seo-wordpress\/ -->\n<title>Inauguraci\u00f3n Mexipan 2024 - CEMPR Digital Agencia de Relaciones P&uacute;blicas<\/title>\n<meta name=\"robots\" content=\"index, follow, max-snippet:-1, max-image-preview:large, max-video-preview:-1\" \/>\n<link rel=\"canonical\" href=\"https:\/\/cempr.mx\/en\/comunicados-prensa\/inauguracion-mexipan-2024\/\" \/>\n<meta property=\"og:locale\" content=\"en_US\" \/>\n<meta property=\"og:type\" content=\"article\" \/>\n<meta property=\"og:title\" content=\"Inauguraci\u00f3n Mexipan 2024 - CEMPR Digital Agencia de Relaciones P&uacute;blicas\" \/>\n<meta property=\"og:description\" content=\"Media Alert Mexipan 2024, la feria m\u00e1s importante de pan, reposter\u00eda, chocolater\u00eda, helados y pizza en M\u00e9xico y Am\u00e9rica Latina, abre oficialmente sus puertas en el Centro Citibanamex de la Ciudad de M\u00e9xico. Este evento, que se celebra del 31 de julio al 3 de agosto, re\u00fane a los principales actores de la industria para [&hellip;]\" \/>\n<meta property=\"og:url\" content=\"https:\/\/cempr.mx\/en\/comunicados-prensa\/inauguracion-mexipan-2024\/\" \/>\n<meta property=\"og:site_name\" content=\"CEMPR Digital Agencia de Relaciones P&uacute;blicas\" \/>\n<meta property=\"article:modified_time\" content=\"2024-08-07T18:26:02+00:00\" \/>\n<meta property=\"og:image\" content=\"https:\/\/cempr.mx\/wp-content\/uploads\/2024\/08\/Corte-de-Liston-Mexipan-.jpg\" \/>\n\t<meta property=\"og:image:width\" content=\"1280\" \/>\n\t<meta property=\"og:image:height\" content=\"697\" \/>\n\t<meta property=\"og:image:type\" content=\"image\/jpeg\" \/>\n<meta name=\"twitter:card\" content=\"summary_large_image\" \/>\n<meta name=\"twitter:label1\" content=\"Est. reading time\" \/>\n\t<meta name=\"twitter:data1\" content=\"2 minutes\" \/>\n<script type=\"application\/ld+json\" class=\"yoast-schema-graph\">{\"@context\":\"https:\\\/\\\/schema.org\",\"@graph\":[{\"@type\":\"WebPage\",\"@id\":\"https:\\\/\\\/cempr.mx\\\/comunicados-prensa\\\/inauguracion-mexipan-2024\\\/\",\"url\":\"https:\\\/\\\/cempr.mx\\\/comunicados-prensa\\\/inauguracion-mexipan-2024\\\/\",\"name\":\"Inauguraci\u00f3n Mexipan 2024 - CEMPR Digital Agencia de Relaciones P&uacute;blicas\",\"isPartOf\":{\"@id\":\"https:\\\/\\\/cempr.mx\\\/#website\"},\"primaryImageOfPage\":{\"@id\":\"https:\\\/\\\/cempr.mx\\\/comunicados-prensa\\\/inauguracion-mexipan-2024\\\/#primaryimage\"},\"image\":{\"@id\":\"https:\\\/\\\/cempr.mx\\\/comunicados-prensa\\\/inauguracion-mexipan-2024\\\/#primaryimage\"},\"thumbnailUrl\":\"https:\\\/\\\/cempr.mx\\\/wp-content\\\/uploads\\\/2024\\\/08\\\/Corte-de-Liston-Mexipan-.jpg\",\"datePublished\":\"2024-07-31T17:22:34+00:00\",\"dateModified\":\"2024-08-07T18:26:02+00:00\",\"breadcrumb\":{\"@id\":\"https:\\\/\\\/cempr.mx\\\/comunicados-prensa\\\/inauguracion-mexipan-2024\\\/#breadcrumb\"},\"inLanguage\":\"en-US\",\"potentialAction\":[{\"@type\":\"ReadAction\",\"target\":[\"https:\\\/\\\/cempr.mx\\\/comunicados-prensa\\\/inauguracion-mexipan-2024\\\/\"]}]},{\"@type\":\"ImageObject\",\"inLanguage\":\"en-US\",\"@id\":\"https:\\\/\\\/cempr.mx\\\/comunicados-prensa\\\/inauguracion-mexipan-2024\\\/#primaryimage\",\"url\":\"https:\\\/\\\/cempr.mx\\\/wp-content\\\/uploads\\\/2024\\\/08\\\/Corte-de-Liston-Mexipan-.jpg\",\"contentUrl\":\"https:\\\/\\\/cempr.mx\\\/wp-content\\\/uploads\\\/2024\\\/08\\\/Corte-de-Liston-Mexipan-.jpg\",\"width\":1280,\"height\":697,\"caption\":\"Mexipan 2024 Corte de Liston\"},{\"@type\":\"BreadcrumbList\",\"@id\":\"https:\\\/\\\/cempr.mx\\\/comunicados-prensa\\\/inauguracion-mexipan-2024\\\/#breadcrumb\",\"itemListElement\":[{\"@type\":\"ListItem\",\"position\":1,\"name\":\"Portada\",\"item\":\"https:\\\/\\\/cempr.mx\\\/\"},{\"@type\":\"ListItem\",\"position\":2,\"name\":\"Inauguraci\u00f3n Mexipan 2024\"}]},{\"@type\":\"WebSite\",\"@id\":\"https:\\\/\\\/cempr.mx\\\/#website\",\"url\":\"https:\\\/\\\/cempr.mx\\\/\",\"name\":\"CEMPR Digital Agencia de Relaciones P&uacute;blicas\",\"description\":\"CEMPR Digital\",\"publisher\":{\"@id\":\"https:\\\/\\\/cempr.mx\\\/#organization\"},\"potentialAction\":[{\"@type\":\"SearchAction\",\"target\":{\"@type\":\"EntryPoint\",\"urlTemplate\":\"https:\\\/\\\/cempr.mx\\\/?s={search_term_string}\"},\"query-input\":{\"@type\":\"PropertyValueSpecification\",\"valueRequired\":true,\"valueName\":\"search_term_string\"}}],\"inLanguage\":\"en-US\"},{\"@type\":\"Organization\",\"@id\":\"https:\\\/\\\/cempr.mx\\\/#organization\",\"name\":\"CEMPR Digital Agencia de Relaciones P&uacute;blicas\",\"url\":\"https:\\\/\\\/cempr.mx\\\/\",\"logo\":{\"@type\":\"ImageObject\",\"inLanguage\":\"en-US\",\"@id\":\"https:\\\/\\\/cempr.mx\\\/#\\\/schema\\\/logo\\\/image\\\/\",\"url\":\"https:\\\/\\\/cempr.mx\\\/wp-content\\\/uploads\\\/2023\\\/08\\\/logo-cempr.png\",\"contentUrl\":\"https:\\\/\\\/cempr.mx\\\/wp-content\\\/uploads\\\/2023\\\/08\\\/logo-cempr.png\",\"width\":302,\"height\":216,\"caption\":\"CEMPR Digital Agencia de Relaciones P&uacute;blicas\"},\"image\":{\"@id\":\"https:\\\/\\\/cempr.mx\\\/#\\\/schema\\\/logo\\\/image\\\/\"}}]}<\/script>\n<!-- \/ Yoast SEO plugin. -->","yoast_head_json":{"title":"Inauguraci\u00f3n Mexipan 2024 - CEMPR Digital Agencia de Relaciones P&uacute;blicas","robots":{"index":"index","follow":"follow","max-snippet":"max-snippet:-1","max-image-preview":"max-image-preview:large","max-video-preview":"max-video-preview:-1"},"canonical":"https:\/\/cempr.mx\/en\/comunicados-prensa\/inauguracion-mexipan-2024\/","og_locale":"en_US","og_type":"article","og_title":"Inauguraci\u00f3n Mexipan 2024 - CEMPR Digital Agencia de Relaciones P&uacute;blicas","og_description":"Media Alert Mexipan 2024, la feria m\u00e1s importante de pan, reposter\u00eda, chocolater\u00eda, helados y pizza en M\u00e9xico y Am\u00e9rica Latina, abre oficialmente sus puertas en el Centro Citibanamex de la Ciudad de M\u00e9xico. Este evento, que se celebra del 31 de julio al 3 de agosto, re\u00fane a los principales actores de la industria para [&hellip;]","og_url":"https:\/\/cempr.mx\/en\/comunicados-prensa\/inauguracion-mexipan-2024\/","og_site_name":"CEMPR Digital Agencia de Relaciones P&uacute;blicas","article_modified_time":"2024-08-07T18:26:02+00:00","og_image":[{"width":1280,"height":697,"url":"https:\/\/cempr.mx\/wp-content\/uploads\/2024\/08\/Corte-de-Liston-Mexipan-.jpg","type":"image\/jpeg"}],"twitter_card":"summary_large_image","twitter_misc":{"Est. reading time":"2 minutes"},"schema":{"@context":"https:\/\/schema.org","@graph":[{"@type":"WebPage","@id":"https:\/\/cempr.mx\/comunicados-prensa\/inauguracion-mexipan-2024\/","url":"https:\/\/cempr.mx\/comunicados-prensa\/inauguracion-mexipan-2024\/","name":"Inauguraci\u00f3n Mexipan 2024 - CEMPR Digital Agencia de Relaciones P&uacute;blicas","isPartOf":{"@id":"https:\/\/cempr.mx\/#website"},"primaryImageOfPage":{"@id":"https:\/\/cempr.mx\/comunicados-prensa\/inauguracion-mexipan-2024\/#primaryimage"},"image":{"@id":"https:\/\/cempr.mx\/comunicados-prensa\/inauguracion-mexipan-2024\/#primaryimage"},"thumbnailUrl":"https:\/\/cempr.mx\/wp-content\/uploads\/2024\/08\/Corte-de-Liston-Mexipan-.jpg","datePublished":"2024-07-31T17:22:34+00:00","dateModified":"2024-08-07T18:26:02+00:00","breadcrumb":{"@id":"https:\/\/cempr.mx\/comunicados-prensa\/inauguracion-mexipan-2024\/#breadcrumb"},"inLanguage":"en-US","potentialAction":[{"@type":"ReadAction","target":["https:\/\/cempr.mx\/comunicados-prensa\/inauguracion-mexipan-2024\/"]}]},{"@type":"ImageObject","inLanguage":"en-US","@id":"https:\/\/cempr.mx\/comunicados-prensa\/inauguracion-mexipan-2024\/#primaryimage","url":"https:\/\/cempr.mx\/wp-content\/uploads\/2024\/08\/Corte-de-Liston-Mexipan-.jpg","contentUrl":"https:\/\/cempr.mx\/wp-content\/uploads\/2024\/08\/Corte-de-Liston-Mexipan-.jpg","width":1280,"height":697,"caption":"Mexipan 2024 Corte de Liston"},{"@type":"BreadcrumbList","@id":"https:\/\/cempr.mx\/comunicados-prensa\/inauguracion-mexipan-2024\/#breadcrumb","itemListElement":[{"@type":"ListItem","position":1,"name":"Portada","item":"https:\/\/cempr.mx\/"},{"@type":"ListItem","position":2,"name":"Inauguraci\u00f3n Mexipan 2024"}]},{"@type":"WebSite","@id":"https:\/\/cempr.mx\/#website","url":"https:\/\/cempr.mx\/","name":"CEMPR Digital Public Relations Agency","description":"CEMPR Digital","publisher":{"@id":"https:\/\/cempr.mx\/#organization"},"potentialAction":[{"@type":"SearchAction","target":{"@type":"EntryPoint","urlTemplate":"https:\/\/cempr.mx\/?s={search_term_string}"},"query-input":{"@type":"PropertyValueSpecification","valueRequired":true,"valueName":"search_term_string"}}],"inLanguage":"en-US"},{"@type":"Organization","@id":"https:\/\/cempr.mx\/#organization","name":"CEMPR Digital Public Relations Agency","url":"https:\/\/cempr.mx\/","logo":{"@type":"ImageObject","inLanguage":"en-US","@id":"https:\/\/cempr.mx\/#\/schema\/logo\/image\/","url":"https:\/\/cempr.mx\/wp-content\/uploads\/2023\/08\/logo-cempr.png","contentUrl":"https:\/\/cempr.mx\/wp-content\/uploads\/2023\/08\/logo-cempr.png","width":302,"height":216,"caption":"CEMPR Digital Agencia de Relaciones P&uacute;blicas"},"image":{"@id":"https:\/\/cempr.mx\/#\/schema\/logo\/image\/"}}]}},"_links":{"self":[{"href":"https:\/\/cempr.mx\/en\/wp-json\/wp\/v2\/comunicados-prensa\/1245","targetHints":{"allow":["GET"]}}],"collection":[{"href":"https:\/\/cempr.mx\/en\/wp-json\/wp\/v2\/comunicados-prensa"}],"about":[{"href":"https:\/\/cempr.mx\/en\/wp-json\/wp\/v2\/types\/comunicados-prensa"}],"version-history":[{"count":1,"href":"https:\/\/cempr.mx\/en\/wp-json\/wp\/v2\/comunicados-prensa\/1245\/revisions"}],"predecessor-version":[{"id":1247,"href":"https:\/\/cempr.mx\/en\/wp-json\/wp\/v2\/comunicados-prensa\/1245\/revisions\/1247"}],"wp:featuredmedia":[{"embeddable":true,"href":"https:\/\/cempr.mx\/en\/wp-json\/wp\/v2\/media\/1246"}],"wp:attachment":[{"href":"https:\/\/cempr.mx\/en\/wp-json\/wp\/v2\/media?parent=1245"}],"wp:term":[{"taxonomy":"etiquetas-prensa","embeddable":true,"href":"https:\/\/cempr.mx\/en\/wp-json\/wp\/v2\/etiquetas-prensa?post=1245"}],"curies":[{"name":"wp","href":"https:\/\/api.w.org\/{rel}","templated":true}]}}